{"id":20304,"date":"2025-05-16T08:37:01","date_gmt":"2025-05-16T08:37:01","guid":{"rendered":"https:\/\/momentumquiro.com\/alleugereix-els-vertigens-i-marejos-amb-quiropractica-natural\/"},"modified":"2025-05-16T08:37:07","modified_gmt":"2025-05-16T08:37:07","slug":"alleugereix-els-vertigens-i-marejos-amb-quiropractica-natural","status":"publish","type":"post","link":"https:\/\/momentumquiro.com\/ca\/alleugereix-els-vertigens-i-marejos-amb-quiropractica-natural\/","title":{"rendered":"Alleugereix els vert\u00edgens i marejos amb quiropr\u00e0ctica natural"},"content":{"rendered":"\n<p>Moltes persones pateixen vert\u00edgens i marejos sense saber que el remei el tenen m\u00e9s a prop del que creuen. Si ets <strong>una persona que pateix vert\u00edgens i marejos<\/strong> que habitualment limiten el seu dia a dia, al nostre <a href=\"https:\/\/momentumquiro.com\/ca\/\">centre quiropr\u00e0ctic a Barcelona<\/a> podem ajudar-te. <\/p>\n\n<p>La quiropr\u00e0ctica pot ser una soluci\u00f3 alternativa per acabar amb els teus vert\u00edgens i comen\u00e7ar a sentir-te millor. Sense efectes secundaris, dolor i, per a qualsevol persona, un ajustament quiropr\u00e0ctic pot ajudar-te a <strong>millorar el teu benestar<\/strong> m\u00e9s del que creus i en aquest article t&#8217;ho mostrarem. <\/p>\n\n<h2 class=\"wp-block-heading\"><strong>Qu\u00e8 s\u00f3n els vert\u00edgens i marejos?<\/strong><\/h2>\n\n<p>Els vert\u00edgens i els mareigs s\u00f3n <strong>trastorns i alteracions de l&#8217;equilibri<\/strong> . El vertigen fa refer\u00e8ncia a una sensaci\u00f3 de moviment que la persona t\u00e9 sense que aquesta realment existeixi. Per la seva banda, al mareig tamb\u00e9 es produeixen sensacions semblants a les del vertigen, per\u00f2 les seves causes no han d&#8217;estar relacionades amb els del vertigen necess\u00e0riament.  <\/p>\n\n<h2 class=\"wp-block-heading\"><strong>Quines s\u00f3n les causes m\u00e9s comunes dels vert\u00edgens i marejos?<\/strong><\/h2>\n\n<p>Per entendre millor les difer\u00e8ncies entre els vert\u00edgens i els mareigs o com la quiropr\u00e0ctica pot ajudar a solucionar aquests problemes \u00e9s important buscar les <strong>causes m\u00e9s comunes<\/strong> que els poden provocar.<\/p>\n\n<p>Les causes del vertigen s\u00f3n una mica m\u00e9s complexes que les del mareig. Una de les m\u00e9s habituals \u00e9s la del <strong>parox\u00edstic benigne<\/strong> , una causa que es produeix a causa del despla\u00e7ament de petits vidres de calci dins l&#8217;orella interna. <\/p>\n\n<p>Una altra de les causes per les quals es poden produir els vert\u00edgens \u00e9s degut a la <strong>laberintitis<\/strong> , una inflamaci\u00f3 dins de l&#8217;o\u00efda interna. Tamb\u00e9 es pot produir per neuronitis vestibular o la <strong>malaltia de M\u00e9ni\u00e8re<\/strong> . <\/p>\n\n<p>Pel que fa al mareig, les causes poden ser m\u00e9s senzilles, per exemple, an\u00e8mia, hipertensi\u00f3, problemes dins de l&#8217;orella interna, deshidrataci\u00f3 o ansietat entre altres factors.<\/p>\n\n<h2 class=\"wp-block-heading\"><strong>Com pot ajudar la quiropr\u00e0ctica amb els vert\u00edgens i marejos?<\/strong><\/h2>\n\n<p>Hi ha una relaci\u00f3 molt important entre la quiropr\u00e0ctica i els vert\u00edgens i marejos. Aix\u00f2 \u00e9s degut a que els vert\u00edgens i marejos tamb\u00e9 es poden produir a causa de <strong>problemes a la columna vertebral<\/strong> , aix\u00ed com si es produeix tensi\u00f3 muscular o hi ha mal de coll. <\/p>\n\n<p>El vertigen cervical \u00e9s el que s&#8217;origina quan hi ha problemes a la columna cervical, per exemple, quan hi ha desalineacions vertebrals o si hi ha un <strong>exc\u00e9s de tensi\u00f3 muscular<\/strong> . Aquestes desalineacions poden afectar un nervi i tamb\u00e9 el flux sanguini que va cap a l&#8217;orella, provocant els vert\u00edgens i els mareigs. <\/p>\n\n<p>Les desalineacions que tamb\u00e9 es poden produir a la <strong>regi\u00f3 cervical superior<\/strong> poden afectar el sistema nervi\u00f3s i contribuir a l&#8217;aparici\u00f3 del vertigen o dels mareigs.<\/p>\n\n<p>Els ajustaments quiropr\u00e0ctics poden ajudar a <strong>corregir la posici\u00f3 de la columna<\/strong> i tamb\u00e9 a reduir la tensi\u00f3 muscular. Quan el vertigen o els mareigs tenen l&#8217;origen en aquests problemes, aquests ajustaments quiropr\u00e0ctics es poden dur a terme per acabar amb els vert\u00edgens i els mareigs trobant una soluci\u00f3 pr\u00e0cticament immediata. <\/p>\n\n<h2 class=\"wp-block-heading\"><strong>Beneficis de la quiropr\u00e0ctica per reduir els mareigs<\/strong><\/h2>\n\n<p>La quiropr\u00e0ctica pot ajudar corregint les desalineacions vertebrals i reduint la tensi\u00f3 muscular.<\/p>\n\n<p>Quan es duu a terme un <strong>ajust quiropr\u00e0ctic a les cervicals<\/strong> es corregeixen les desalineacions i amb aix\u00f2 s&#8217;aconsegueix millorar la funci\u00f3 del sistema vestibular, cosa que ajuda a reduir els mareigs. De la mateixa manera, un quiropr\u00e0ctic mitjan\u00e7ant una ter\u00e0pia manual pot ajudar a alliberar la tensi\u00f3 que es produeix al coll oa la part superior de l&#8217;esquena. <\/p>\n\n<p>Quan es redueix la tensi\u00f3 muscular <strong>s&#8217;aconsegueix millorar la circulaci\u00f3 sangu\u00ednia<\/strong> cap al cervell i l&#8217;o\u00efda interna reduint els mareigs i els vert\u00edgens.<\/p>\n\n<p>Els ajustaments quiropr\u00e0ctics tamb\u00e9 ajuden a millorar la postura. Una mala postura tamb\u00e9 pot provocar vert\u00edgens i marejos amb el pas del temps, per la qual cosa \u00e9s important corregir-la quan es pugui. <\/p>\n\n<p>A m\u00e9s, un quiropr\u00e0ctic tamb\u00e9 et pot ajudar proporcionant consells sobre <strong>com millorar la teva postura<\/strong> per reduir futures tensions. D&#8217;aquesta manera, la quiropr\u00e0ctica no nom\u00e9s t&#8217;ajudar\u00e0 amb un remei immediat per alleujar els marejos i els vert\u00edgens, sin\u00f3 que tamb\u00e9 et pot donar les pautes necess\u00e0ries per evitar que aquests es tornin a produir en el futur. <\/p>\n\n<h2 class=\"wp-block-heading\"><strong>\u00bf Qu\u00e8 esperar en una consulta quiropr\u00e0ctica per a marejos?<\/strong><\/h2>\n\n<p>Quan es duu a terme una consulta quiropr\u00e0ctica per acabar amb els vert\u00edgens i els mareigs el que es busca \u00e9s una soluci\u00f3 immediata a aquests problemes. B\u00e0sicament, el quiropr\u00e0ctic tractar\u00e0 de <strong>cercar l&#8217;origen d&#8217;aquests vertigens i marejos<\/strong> per establir el tractament adequat que pugui posar remei a aquests mareigs constants. <\/p>\n\n<p>La primera cosa que es dur\u00e0 a terme \u00e9s un examen f\u00edsic. En aquest examen es dur\u00e0 a terme una exploraci\u00f3 de la columna vertebral i una <strong>palpaci\u00f3 dels m\u00fasculs del coll i la part superior de l&#8217;esquena<\/strong> tractant de cercar aquelles causes que originin els vert\u00edgens i els marejos i, per descomptat, pugui solucionar la quiropr\u00e0ctica. <\/p>\n\n<p>Quan hagi dut a terme l&#8217;examen f\u00edsic et presentar\u00e0 un pla de tractament on se&#8217;t mostraran els ajustaments quiropr\u00e0ctics que es poden dur a terme per corregir el desequilibri o aconseguir la relaxaci\u00f3 dels m\u00fasculs que permetin <strong>acabar amb els vert\u00edgens i els mareigs.<\/strong><\/p>\n\n<p>L&#8217;\u00faltim pas ser\u00e0 comen\u00e7ar amb el tractament en qu\u00e8 s&#8217;inclouen els ajustaments quiropr\u00e0ctics i la ter\u00e0pia manual, per exemple, massatges, per millorar o <strong>buscar l&#8217;alleujament del vertigen o els mareigs<\/strong> .<\/p>\n\n<h2 class=\"wp-block-heading\"><strong>Quiropr\u00e0ctica vs. altres tractaments per als vert\u00edgens i marejos<\/strong><\/h2>\n\n<p>La quiropr\u00e0ctica \u00e9s <strong>un tractament completament indolor<\/strong> per al tractament marejos o alleugeriment vertigen que, a m\u00e9s, \u00e9s complementari amb altres tractaments.<\/p>\n\n<p>Si est\u00e0s duent a terme altres tractaments, per exemple, gaudeixes d&#8217;alguna altra ter\u00e0pia o prenent algun medicament, la quiropr\u00e0ctica \u00e9s complement\u00e0ria i no t\u00e9 cap contraindicaci\u00f3.<\/p>\n\n<p>A difer\u00e8ncia d&#8217;altres tractaments, la quiropr\u00e0ctica t\u00e9 un enfocament que t\u00e9 a veure amb la relaci\u00f3 que hi ha entre la <strong>columna vertebral, el sistema nervi\u00f3s i la funci\u00f3 de l&#8217;orella interna.<\/strong><\/p>\n\n<p>Amb aix\u00f2 volem dir que si no hi ha una relaci\u00f3 entre aquesta columna vertebral i els problemes que originen el vertigen o el mareig la quiropr\u00e0ctica no podr\u00e0 ajudar gaire a corregir-los.<\/p>\n\n<p>D&#8217;altra banda, els ajustaments quiropr\u00e0ctics sempre <strong>ajuden a millorar el benestar de la persona<\/strong> . Molts problemes com el vertigen o els marejos, per exemple, el mal de cap, es produeixen a causa de males postures i es poden corregir mitjan\u00e7ant aquests ajustaments quiropr\u00e0ctics. <\/p>\n\n<p>A difer\u00e8ncia d&#8217;altres tractaments que si no corregeixen el problema subjacent s\u00f3n una p\u00e8rdua de temps, els ajustaments quiropr\u00e0ctics sempre milloraran el benestar de la persona en un sentit o altre.<\/p>\n\n<h2 class=\"wp-block-heading\"><strong>Reserva la teva consulta i millora el teu equilibri avui mateix<\/strong><\/h2>\n\n<p>Millorar el teu equilibri i acabar amb els vert\u00edgens o els marejos \u00e9s possible gr\u00e0cies als <strong>professionals quiropr\u00e0ctics<\/strong> que treballen al nostre centre de Barcelona. Si l&#8217;origen dels teus vert\u00edgens o marejos \u00e9s a la columna vertebral oa causa de la tensi\u00f3 acumulada als teus m\u00fasculs, els nostres professionals poden ajudar-te. <\/p>\n\n<p>Amb un examen f\u00edsic <strong>determinarem l&#8217;origen dels teus problemes<\/strong> i et mostrarem com la quiropr\u00e0ctica et pot ajudar a sentir-te millor. No nom\u00e9s treballem amb el millor grup hum\u00e0, sin\u00f3 que tamb\u00e9 comptem amb el millor equip perqu\u00e8 puguis assolir els millors resultats. <\/p>\n\n<p>Vine a con\u00e8ixer-nos i <strong>reserva la teva consulta amb nosaltres<\/strong> per millorar el teu equilibri avui mateix, gaudeix d&#8217;un tractament de vertigen efectiu i deixa enrere els bloquejos articulars gr\u00e0cies a la quiropr\u00e0ctica.<\/p>\n","protected":false},"excerpt":{"rendered":"<p>Moltes persones pateixen vert\u00edgens i marejos sense saber que el remei el tenen m\u00e9s a prop del que creuen. Si ets una persona que pateix vert\u00edgens i marejos que habitualment limiten el seu dia a dia, al nostre centre quiropr\u00e0ctic a Barcelona podem ajudar-te. La quiropr\u00e0ctica pot ser una soluci\u00f3 alternativa per acabar amb els [&hellip;]<\/p>\n","protected":false},"author":3,"featured_media":20191,"comment_status":"closed","ping_status":"closed","sticky":false,"template":"","format":"standard","meta":{"_seopress_robots_primary_cat":"none","_seopress_titles_title":"Alleugereix els Vert\u00edgens i Marejos amb Quiropr\u00e0ctica natural","_seopress_titles_desc":"Pateixes de vert\u00edgens o marejos? Descobreix com un quiropr\u00e0ctic a Barcelona et pot ajudar a reduir els mareigs i millorar el teu equilibri de manera natural. Consulteu avui!  ","_seopress_robots_index":"","om_disable_all_campaigns":false,"_monsterinsights_skip_tracking":false,"_monsterinsights_sitenote_active":false,"_monsterinsights_sitenote_note":"","_monsterinsights_sitenote_category":0,"_uf_show_specific_survey":0,"_uf_disable_surveys":false,"footnotes":""},"categories":[75],"tags":[],"class_list":["post-20304","post","type-post","status-publish","format-standard","has-post-thumbnail","hentry","category-momentum-quiropractic-barcelona-ca"],"_links":{"self":[{"href":"https:\/\/momentumquiro.com\/ca\/wp-json\/wp\/v2\/posts\/20304","targetHints":{"allow":["GET"]}}],"collection":[{"href":"https:\/\/momentumquiro.com\/ca\/wp-json\/wp\/v2\/posts"}],"about":[{"href":"https:\/\/momentumquiro.com\/ca\/wp-json\/wp\/v2\/types\/post"}],"author":[{"embeddable":true,"href":"https:\/\/momentumquiro.com\/ca\/wp-json\/wp\/v2\/users\/3"}],"replies":[{"embeddable":true,"href":"https:\/\/momentumquiro.com\/ca\/wp-json\/wp\/v2\/comments?post=20304"}],"version-history":[{"count":1,"href":"https:\/\/momentumquiro.com\/ca\/wp-json\/wp\/v2\/posts\/20304\/revisions"}],"predecessor-version":[{"id":20305,"href":"https:\/\/momentumquiro.com\/ca\/wp-json\/wp\/v2\/posts\/20304\/revisions\/20305"}],"wp:featuredmedia":[{"embeddable":true,"href":"https:\/\/momentumquiro.com\/ca\/wp-json\/wp\/v2\/media\/20191"}],"wp:attachment":[{"href":"https:\/\/momentumquiro.com\/ca\/wp-json\/wp\/v2\/media?parent=20304"}],"wp:term":[{"taxonomy":"category","embeddable":true,"href":"https:\/\/momentumquiro.com\/ca\/wp-json\/wp\/v2\/categories?post=20304"},{"taxonomy":"post_tag","embeddable":true,"href":"https:\/\/momentumquiro.com\/ca\/wp-json\/wp\/v2\/tags?post=20304"}],"curies":[{"name":"wp","href":"https:\/\/api.w.org\/{rel}","templated":true}]}}