{"id":8019,"date":"2022-11-25T11:26:55","date_gmt":"2022-11-25T11:26:55","guid":{"rendered":"https:\/\/momentumquiro.com\/columna-vertebral-i-quiropractica-lumbar-sacre-coxis-i-simptomes\/"},"modified":"2024-11-21T17:50:45","modified_gmt":"2024-11-21T17:50:45","slug":"quiropractica-lumbar-sacro-coxis","status":"publish","type":"post","link":"https:\/\/momentumquiro.com\/ca\/quiropractica-lumbar-sacro-coxis\/","title":{"rendered":"Columna vertebral i quiropr\u00e0ctica: lumbar, sacre, coxis i s\u00edmptomes"},"content":{"rendered":"<p class=\"p1\"><strong>Est\u00e0s preparat\/da per a acabar de convertir-te en una expert\/a de la columna vertebral?<\/strong><\/p>\n<div class=\"traductor-textarea form-group\">\n<div class=\"textarea-desti col-xs-12 col-sm-6\">\n<div class=\"form-control second-textarea\">En la tercera i \u00faltima part de la nostra s\u00e8rie de posts \u201cConeix l&#8217;\u00e0nima de la teva columna vertebral\u201d, l&#8217;equip de Momentum Quiropr\u00e0ctic t&#8217;expliquem detalladament sobre la zona lumbar, sacra i coxis. A m\u00e9s, tamb\u00e9 et mostrem els s\u00edmptomes que pots experimentar si les v\u00e8rtebres d&#8217;aquestes regions de la columna estan subluxades.<\/div>\n<div><\/div>\n<\/div>\n<\/div>\n<div class=\"traductor-textarea form-group\">\n<div class=\"textarea-desti col-xs-12 col-sm-6\">\n<div class=\"form-control second-textarea\">Com sempre, pren-te els pr\u00f2xims minuts de lectura per a tu i gaudeix coneixent m\u00e9s sobre la teva columna vertebral, la l\u00ednia de vida. Som-hi!<\/div>\n<\/div>\n<\/div>\n<div class=\"traductor-textarea form-group\">\n<div class=\"textarea-desti col-xs-12 col-sm-6\">\n<h2><\/h2>\n<h2 class=\"form-control second-textarea\">La Regi\u00f3 Lumbar de la Columna Vertebral<\/h2>\n<\/div>\n<\/div>\n<p class=\"p2\">Comencem per la regi\u00f3 que segueix despr\u00e9s de la zona dorsal; la qual vam veure en la segona part.<\/p>\n<p class=\"p2\">La regi\u00f3 lumbar (situada en la part inferior de l&#8217;esquena) es caracteritza per tenir les cinc v\u00e8rtebres de major grand\u00e0ria, ja que s\u00f3n les encarregades de suportar el pes del nostre cos. Aquestes vertebres, a m\u00e9s de suportar el pes i protegir la medul\u00b7la espinal, s\u00f3n les responsables de gran part de la mobilitat ja que estan vinculades a m\u00fasculs i lligaments que permeten accions com caminar, c\u00f3rrer, asseure&#8217;t, entre altres moviments.<\/p>\n<p>Les 5 v\u00e8rtebres lumbars s\u00f3n les seg\u00fcents:<\/p>\n<ul class=\"ul1\">\n<li class=\"li2\"><strong>L1<\/strong>. La primera v\u00e8rtebra lumbar cont\u00e9 part de la medul\u00b7la espinal. A m\u00e9s, pot afectar la mobilitat del maluc, aix\u00ed com a problemes intestinals, de bufeta i\/o entumiment de les cames.\n<div class=\"traductor-checkbox form-group\"><\/div>\n<\/li>\n<li class=\"li2\"><strong>L2<\/strong>. A m\u00e9s de tamb\u00e9 contenir part de la medul\u00b7la espinal, presenta uns efectes similars a la primera v\u00e8rtebra lumbar.\n<div class=\"traductor-checkbox form-group\"><\/div>\n<\/li>\n<li class=\"li2\"><strong>L3, L4, L5. <\/strong>A partir d&#8217;aquestes v\u00e8rtebres lumbars, ja no trobem la medul\u00b7la espinal. Encara aix\u00ed, els s\u00edmptomes relacionats amb aquestes v\u00e8rtebres tamb\u00e9 estan principalment relacionats amb la mobilitat inferior i l&#8217;entumiment d&#8217;extremitats inferiors.\n<div class=\"traductor-checkbox form-group\">\n<div class=\"row\">\n<div class=\"col-sm-offset-2 col-sm-5\"><\/div>\n<\/div>\n<\/div>\n<\/li>\n<\/ul>\n<h2 class=\"p1\">La Regi\u00f3 Sacra i Coxis<\/h2>\n<div class=\"traductor-checkbox form-group\">\n<div class=\"row\">\n<div class=\"col-sm-offset-2 col-sm-5\">Ja et vem explicar que la columna vertebral est\u00e0 formada per 33 vertebres en nounats i per 24 vertebres en adults pel fet que al llarg del nostre desenvolupament, les v\u00e8rtebres sacrals i les coxals es fusionen per a formar el sacre i el c\u00f3xis, respectivament.Tot i aix\u00f2, els ossos del sacre i el coxis continuen constituint la columna vertebral i juguen una funci\u00f3 vital en el moviment i com a nexe d&#8217;uni\u00f3 per a m\u00fasculs i lligaments.<\/p>\n<p>A continuaci\u00f3 et comptem m\u00e9s sobre els s\u00edmptomes que pot ocasionar alguna lesi\u00f3 a la regi\u00f3 sacra o coxis de la nostra columna.<\/p>\n<\/div>\n<\/div>\n<\/div>\n<hr \/>\n<div class=\"traductor-textarea form-group\">\n<div class=\"textarea-desti col-xs-12 col-sm-6\">\n<div class=\"form-control second-textarea\"><strong>S\u00edmptomes de problemes i dolors en la zona lumbar, sacra o coxis<\/strong><\/div>\n<\/div>\n<\/div>\n<p class=\"p4\">Si una o m\u00e9s de la vertebres lumbars (\u00e9s a dir, v\u00e8rtebres despla\u00e7ades que afecten el funcionament del sistema nervi\u00f3s) o la regi\u00f3 sacra o del\u00a0coxis\u00a0estan danyades, podem trobar s\u00edmptomes de problemes de salut relacionats amb:<\/p>\n<ul class=\"ul1\">\n<li class=\"li4\">Dolor, debilidad entumecimiento de las extremidades inferiores<\/li>\n<li class=\"li4\">Dolor, feblesa entumiment de les extremitats inferiors<\/li>\n<li class=\"li4\">Dolor lumbar<\/li>\n<li class=\"li4\">Ci\u00e0tica<\/li>\n<li class=\"li4\">Problemes digestius (Intest\u00ed irritable, restrenyiment, diarrea)<\/li>\n<li class=\"li4\">Problemes menstruals<\/li>\n<li class=\"li4\">Problemes i disfunci\u00f3 de la bufeta<\/li>\n<li class=\"li4\">Disfunci\u00f3 sexual<\/li>\n<\/ul>\n<div class=\"traductor-textarea form-group\">\n<div class=\"textarea-desti col-xs-12 col-sm-6\">\n<h2 class=\"form-control second-textarea\">Ara que ja coneixes l&#8217;\u00e0nima de la teva columna vertebral, cuidem-la junts<\/h2>\n<\/div>\n<\/div>\n<p class=\"p2\">En Momentum Quiropr\u00e0ctic li donem import\u00e0ncia al fet que entenguis com funciona el teu cos i la quiropr\u00e0ctica perqu\u00e8 gaudeixis de la teva vida amb un benestar \u00f2ptim.<\/p>\n<p>Si vols saber m\u00e9s sobre nosaltres, et convidem que visitis la nostra web i en en les nostres xarxes socials (<a href=\"https:\/\/www.instagram.com\/momentum.quiro\/\" target=\"_blank\" rel=\"noopener\">Instagram<\/a>,\u00a0<a href=\"https:\/\/www.facebook.com\/momentum.quiro\" target=\"_blank\" rel=\"noopener\">Facebook<\/a>,\u00a0<a href=\"https:\/\/www.linkedin.com\/company\/momentum-quiropr%C3%A0ctic\/\" target=\"_blank\" rel=\"noopener\">LinkedIn<\/a>), on coneixer\u00e0s millor l&#8217;equip de Momentum, el nostre centre, els nostres valors i el com et podem ajudar.<\/p>\n<p>I si reserves cita&#8230; t&#8217;esperem amb els bra\u00e7os (i portes) oberts en el nostre espai Momentum Quiropr\u00e0ctic en el centre de Barcelona.<\/p>\n","protected":false},"excerpt":{"rendered":"<p>Sabies que problemes de salut relacionats amb \u00f2rgans com el cor o els pulmons estan relacionats amb la teva columna vertebral? Descobreix-ho en aquest post!<\/p>\n","protected":false},"author":3,"featured_media":8026,"comment_status":"open","ping_status":"open","sticky":false,"template":"","format":"standard","meta":{"_seopress_robots_primary_cat":"","_seopress_titles_title":"Columna vertebral i quiropr\u00e0ctica: lumbar, sacre, coxis i s\u00edmptomes","_seopress_titles_desc":"Descobreix la import\u00e0ncia de cuidar la zona lumbar de la teva columna vertebral amb la quiropr\u00e0ctica per a viure sense dolor.","_seopress_robots_index":"","om_disable_all_campaigns":false,"_monsterinsights_skip_tracking":false,"_monsterinsights_sitenote_active":false,"_monsterinsights_sitenote_note":"","_monsterinsights_sitenote_category":0,"_uf_show_specific_survey":0,"_uf_disable_surveys":false,"footnotes":""},"categories":[32,81,60],"tags":[82,41,83,56,39,76],"class_list":["post-8019","post","type-post","status-publish","format-standard","has-post-thumbnail","hentry","category-inner-soul","category-inner-soul-ca","category-sense-categoria","tag-benestar","tag-bienestar","tag-columna-vertebral-ca","tag-columna-vertebral","tag-quiropractica","tag-quiropractica-ca"],"_links":{"self":[{"href":"https:\/\/momentumquiro.com\/ca\/wp-json\/wp\/v2\/posts\/8019","targetHints":{"allow":["GET"]}}],"collection":[{"href":"https:\/\/momentumquiro.com\/ca\/wp-json\/wp\/v2\/posts"}],"about":[{"href":"https:\/\/momentumquiro.com\/ca\/wp-json\/wp\/v2\/types\/post"}],"author":[{"embeddable":true,"href":"https:\/\/momentumquiro.com\/ca\/wp-json\/wp\/v2\/users\/3"}],"replies":[{"embeddable":true,"href":"https:\/\/momentumquiro.com\/ca\/wp-json\/wp\/v2\/comments?post=8019"}],"version-history":[{"count":1,"href":"https:\/\/momentumquiro.com\/ca\/wp-json\/wp\/v2\/posts\/8019\/revisions"}],"predecessor-version":[{"id":15664,"href":"https:\/\/momentumquiro.com\/ca\/wp-json\/wp\/v2\/posts\/8019\/revisions\/15664"}],"wp:featuredmedia":[{"embeddable":true,"href":"https:\/\/momentumquiro.com\/ca\/wp-json\/wp\/v2\/media\/8026"}],"wp:attachment":[{"href":"https:\/\/momentumquiro.com\/ca\/wp-json\/wp\/v2\/media?parent=8019"}],"wp:term":[{"taxonomy":"category","embeddable":true,"href":"https:\/\/momentumquiro.com\/ca\/wp-json\/wp\/v2\/categories?post=8019"},{"taxonomy":"post_tag","embeddable":true,"href":"https:\/\/momentumquiro.com\/ca\/wp-json\/wp\/v2\/tags?post=8019"}],"curies":[{"name":"wp","href":"https:\/\/api.w.org\/{rel}","templated":true}]}}