{"id":8068,"date":"2022-09-23T14:17:21","date_gmt":"2022-09-23T14:17:21","guid":{"rendered":"https:\/\/momentumquiro.com\/necessito-la-quiropractica-quan-anar-al-quiropractic\/"},"modified":"2024-11-21T17:59:18","modified_gmt":"2024-11-21T17:59:18","slug":"quan-anar-quiropractic","status":"publish","type":"post","link":"https:\/\/momentumquiro.com\/ca\/quan-anar-quiropractic\/","title":{"rendered":"&#8220;Necessito la quiropr\u00e0ctica?&#8221; Quan anar al quiropr\u00e0ctic"},"content":{"rendered":"<p><span style=\"color: initial; font-family: -apple-system, BlinkMacSystemFont, 'Segoe UI', Roboto, Oxygen-Sans, Ubuntu, Cantarell, 'Helvetica Neue', sans-serif;\">En aquest post l&#8217;equip de Momentum Quiropr\u00e0ctic t&#8217; expliquem quan i per qu\u00e8 hauries d&#8217;anar al quiropr\u00e0ctic. Encara que et fem un petit spoiler: Necessitaries anar com m\u00e9s aviat millor!<\/span><\/p>\n<div class=\"traductor-checkbox form-group\">\n<div class=\"row\">\n<div class=\"col-sm-offset-2 col-sm-5\"><\/div>\n<\/div>\n<\/div>\n<div class=\"traductor-textarea form-group\">\n<div class=\"textarea-desti col-xs-12 col-sm-6\">\n<div class=\"form-control second-textarea\">Sabem que preguntes com &#8220;Quan haig d&#8217;anar al quiropr\u00e0ctic?&#8221; o &#8220;\u00c9s la quiropr\u00e0ctica per a mi?&#8221; , solen ser algunes dels dubtes m\u00e9s freq\u00fcents sobre la quiropr\u00e0ctica. I a l&#8217;equip de Momentum ens encanta poder donar resposta especialment a aquesta mena de preguntes. Per qu\u00e8? Perqu\u00e8 a trav\u00e9s d&#8217;ella podem donar a con\u00e8ixer la filosofia de la quiropr\u00e0ctica i el seu gran potencial.<\/div>\n<div><\/div>\n<\/div>\n<\/div>\n<div class=\"traductor-textarea form-group\">\n<div class=\"textarea-desti col-xs-12 col-sm-6\">\n<div class=\"form-control second-textarea\">I nosaltres tenim la resposta molt clara: la quiropr\u00e0ctica ha d&#8217;integrar-se com una pr\u00e0ctica de salut preventiva abans que sofreixis qualsevol s\u00edmptoma. Per\u00f2, t&#8217;ho explicarem b\u00e9 i a entendre per qu\u00e8 sempre \u00e9s un bon moment per a comen\u00e7ar amb la quiropr\u00e0ctica \ud83d\ude09<\/div>\n<\/div>\n<\/div>\n<div class=\"traductor-checkbox form-group\">\n<div class=\"row\">\n<div class=\"col-sm-offset-2 col-sm-5\"><\/div>\n<\/div>\n<\/div>\n<h3>Primer de tot, tens un Momentum?<\/h3>\n<p>Ens agradaria que centrar\u00e0s la teva atenci\u00f3 durant els pr\u00f2xims minuts a descobrir amb nosaltres el per qu\u00e8 hauries d&#8217;anar al quiropr\u00e0ctic com m\u00e9s aviat millor si vols gaudir de tots els beneficis de la quiropr\u00e0ctica per a millorar la qualitat de la teva vida. S\u00ed, fins i tot si no cap problema de salut (o almenys, aparentment)<\/p>\n<p>Perqu\u00e8 encara que podr\u00edem haver comen\u00e7at preguntant-te si tu tamb\u00e9 sofreixes de dolor d&#8217;esquena, de coll, lumbago o altres problemes de salut, els quals solen ser els motius principals de molts pacients per a comen\u00e7ar amb el cuidat quiropr\u00e0ctic, preferim enfocar-ho des de la filosofia de Momentum. Per\u00f2 primer, resoldrem el teu dubte principal:<\/p>\n<h3>Comen\u00e7ar amb la quiropr\u00e0ctica per a tractar el dolor d&#8217;esquena, lumbar&#8230;?<\/h3>\n<p>I s\u00ed, evidentment no negarem la gran efectivitat de la quiropr\u00e0ctica per a remeiar malalties com el dolor d&#8217;esquena i coll, tant per a la reducci\u00f3 de dolor, com per a tractar possibles discapacitats f\u00edsiques, tal com indiquen els resultats de <a href=\"https:\/\/pubmed.ncbi.nlm.nih.gov\/21979312\/\" target=\"_blank\" rel=\"noopener\">l&#8217;estudi dut a terme per\u00a0Dunning\u00a0et al. (2012)<\/a> o <a href=\"https:\/\/pubmed.ncbi.nlm.nih.gov\/21245790\/\" target=\"_blank\" rel=\"noopener\">l&#8217;estudi de Senna i\u00a0Machaly\u00a0(2011)<\/a> sobre l&#8217;efectivitat de la quiropr\u00e0ctica en el dolor lumbar cr\u00f2nic, entre molts altres problemes de salut.<\/p>\n<p>Per\u00f2, a Momentum Quiropr\u00e0ctic considerem que la quiropr\u00e0ctica ha d&#8217;entendre&#8217;s com una cura de resposta proactiva, en comptes de reactiva. \u00c9s a dir, no acudir al quiropr\u00e0ctic \u00fanicament quan sofrim alguna malaltia f\u00edsica, sin\u00f3 comen\u00e7ar a cuidar la nostra columna vertebral i optimitzar el sistema nervi\u00f3s per a prevenir aquestes malalties.<\/p>\n<p>Perqu\u00e8 has de saber que el dolor o qualsevol altre s\u00edmptoma sol apar\u00e8ixer despr\u00e9s d&#8217;algun temps (fins i tot poden passar anys) des que el nostre cos no ha estat funcionant correctament. Per aquest motiu, ens agrada recordar que:<\/p>\n<blockquote><p><span style=\"font-size: 1.235em;\">Els s\u00edmptomes s\u00f3n nom\u00e9s la punta de l&#8217;iceberg<\/span><\/p><\/blockquote>\n<div class=\"traductor-textarea form-group\">\n<div class=\"textarea-desti col-xs-12 col-sm-6\">\n<div class=\"form-control second-textarea\">Per aix\u00f2, a continuaci\u00f3 t&#8217;expliquem els 5 motius que en Momentum creiem que poden motivar-te per a comen\u00e7ar amb la quiropr\u00e0ctica tant com si sofreixes alguna malaltia, com si no.<\/div>\n<\/div>\n<\/div>\n<div class=\"traductor-checkbox form-group\">\n<div class=\"row\">\n<div class=\"col-sm-offset-2 col-sm-5\"><\/div>\n<\/div>\n<\/div>\n<h2><strong>5 motius per comen\u00e7ar a anar al quiropr\u00e0ctic<\/strong><\/h2>\n<h3>Desenvolupa el teu potencial i el teu inner empowerment<\/h3>\n<p>La quiropr\u00e0ctica funciona de manera hol\u00edstica. \u00c9s a dir, a trav\u00e9s de la cura de la teva columna vertebral i la correci\u00f3 de les seves subluxacions (v\u00e8rtebres despla\u00e7ades que impedeixen el correcte funcionament del cos), aconseguim optimitzar el sistema nervi\u00f3s per a (re)connectar el cos amb el seu potencial innat, del qual et parlarem a continuaci\u00f3 \ud83d\ude09<\/p>\n<p>Per tant, la quiropr\u00e0ctica \u00e9s una pr\u00e0ctica empoderante que optimitza el teu cos perqu\u00e8 puguis treure el teu m\u00e0xim potencial amb benestar. O com ho anomenem a Momentum Quiropr\u00e0ctic, el teu inner empowerment.<\/p>\n<h3><span style=\"color: #000000;\"><strong>Aconsegueix ser m\u00e9s eficient<\/strong><\/span><\/h3>\n<p>Ja hem fet refer\u00e8ncia en algun dels nostres posts sobre la relaci\u00f3 entre el rendiment cognitiu i l&#8217;estat de la nostra columna vertebral.<\/p>\n<p>Per\u00f2 \u00e9s de vital import\u00e0ncia per a la nostra efici\u00e8ncia cognitiva que la nostra columna vertebral estigui lliure d&#8217;interfer\u00e8ncia i funcioni correctament. El motiu? El 90% de l&#8217;est\u00edmul i de la nutrici\u00f3 cap al cervell est\u00e0 generat pel moviment de la columna.<\/p>\n<p>\u00c9s per aquest motiu, que la quiropr\u00e0ctica sol usar-se com una cura de salut en entorns laborals d&#8217;alt rendiment (<a href=\"https:\/\/www.entrepreneur.com\/article\/238085\" target=\"_blank\" rel=\"noopener\">com Apple i el seu\u00a0Wellness\u00a0Center\u00a0per a empleats<\/a>) amb la finalitat de promoure l&#8217;efici\u00e8ncia i benestar dels empleats.<\/p>\n<h3><strong>Reconecta amb el teu cos\u00a0<\/strong><\/h3>\n<p>Un dels grans beneficis de la quiropr\u00e0ctica \u00e9s retornar al nostre cos la seva capacitat de sanaci\u00f3 i d&#8217;adaptaci\u00f3.<\/p>\n<div class=\"traductor-textarea form-group\">\n<div class=\"textarea-desti col-xs-12 col-sm-6\">\n<div class=\"form-control second-textarea\">Quan ens referim a la <a href=\"http:\/\/momentumquiro.com\/ca\/momentum\" target=\"_blank\" rel=\"noopener\">capacitat d&#8217;adaptaci\u00f3<\/a>, ens referim a l&#8217;optimitzaci\u00f3 dels mecanismes del nostre cos per a donar resposta amb canvis biol\u00f2gics eficients als factors que experimentem en el nostre entorn i durant el nostre dia a dia.<\/div>\n<\/div>\n<\/div>\n<div class=\"traductor-textarea form-group\">\n<div class=\"textarea-desti col-xs-12 col-sm-6\">\n<div><\/div>\n<div class=\"form-control second-textarea\">Aquests factors de l&#8217;entorn que el nostre cos ha d&#8217;adaptar-se poden ser des de postures incorrectes durant la nostra jornada laboral, la gesti\u00f3 de l&#8217;estr\u00e8s emocional a causa de les nostres relacions personals o, fins i tot, la pol\u00b7luci\u00f3 que respirem mentre anem pel carrer.<\/div>\n<\/div>\n<\/div>\n<div class=\"traductor-checkbox form-group\">\n<div class=\"row\">\n<div class=\"col-sm-offset-2 col-sm-5\"><\/div>\n<\/div>\n<\/div>\n<h3>Pren el control de la teva salut i de la teva vida<\/h3>\n<div class=\"traductor-checkbox form-group\">\n<div class=\"row\">\n<div class=\"col-sm-offset-2 col-sm-5\">Els ajustaments quiropr\u00e0ctics permeten no solament viure sense dolor, sin\u00f3 tamb\u00e9 gaudir d&#8217;una major qualitat de vida.Com hem comentat pr\u00e8viament, la quiropr\u00e0ctica a m\u00e9s de ser una de les pr\u00e0ctiques de salut amb major satisfacci\u00f3 en els pacients amb malalties com el dolor d&#8217;esquena o\u00a0lumbago, entre altres, tamb\u00e9 ens permet gaudir d&#8217;un benestar general i d&#8217;una major qualitat de vida.<\/p>\n<\/div>\n<\/div>\n<\/div>\n<h3>Millora la teva qualitat de la son<\/h3>\n<p>Una altra de les caracter\u00edstiques de la cura hol\u00edstica de la quiropr\u00e0ctica \u00e9s la millora de la qualitat del somni.<\/p>\n<p>Gr\u00e0cies als ajustos quiropr\u00e0ctics, s&#8217;aconsegueix equilibrar el sistema nervi\u00f3s de manera que quan sigui l&#8217;hora de dormir puguis aconseguir un somni reparador. A m\u00e9s, la base cient\u00edfica, tal com recull <a href=\"http:\/\/www.jscimedcentral.com\/SleepMedicine\/sleepmedicine-2-1032.pdf\" target=\"_blank\" rel=\"noopener\"><strong>Vernon (2015)<\/strong><\/a>, avala l&#8217;efectivitat de la quiropr\u00e0ctica en irregularitats del somni com l&#8217;insomni gr\u00e0cies a l&#8217;optimitzaci\u00f3 del sistema nervi\u00f3s i els efectes de relaxaci\u00f3 que tenen els ajustis quiropr\u00e0ctics en la musculatura i impulsos nerviosos.<\/p>\n<p>Tal com t&#8217;hem avan\u00e7at en el\u00a0spoiler\u00a0del principi del post: sempre hauries d&#8217;anar al quiropr\u00e0ctic ja que \u00e9s important integrar la quiropr\u00e0ctica en la teva vida de manera proactiva. I, encara que mai \u00e9s tard per a comen\u00e7ar, com m\u00e9s aviat millor.<\/p>\n<div class=\"traductor-checkbox form-group\">\n<div class=\"row\">\n<div class=\"col-sm-offset-2 col-sm-5\"><\/div>\n<\/div>\n<\/div>\n<div class=\"traductor-textarea form-group\">\n<div class=\"textarea-desti col-xs-12 col-sm-6\">\n<div class=\"form-control second-textarea\">Si t&#8217;interessa comen\u00e7ar amb la quiropr\u00e0ctica per a comen\u00e7ar a gaudir d&#8217;una major qualitat de vida i prevenir possibles malaltia, pots reservar la teva primera visita amb nosaltres en la nostra web.<\/div>\n<\/div>\n<\/div>\n<div class=\"traductor-textarea form-group\">\n<div class=\"textarea-desti col-xs-12 col-sm-6\">\n<div class=\"form-control second-textarea\">Si en el teu cas, ja est\u00e0s experimentant algun s\u00edmptoma o malaltia, a Momentum ens encarregarem de trobar quina \u00e9s la causa d&#8217;aquest problema i per descomptat, de sanar-lo.<\/div>\n<div><\/div>\n<\/div>\n<\/div>\n<div class=\"traductor-textarea form-group\">\n<div class=\"textarea-desti col-xs-12 col-sm-6\">\n<div class=\"form-control second-textarea\">Tamb\u00e9 pots seguir-nos en les nostres xarxes socials (<a href=\"https:\/\/www.instagram.com\/momentum.quiro\/\" target=\"_blank\" rel=\"noopener\">Instagram<\/a>, <a href=\"https:\/\/www.facebook.com\/momentum.quiro\" target=\"_blank\" rel=\"noopener\">Facebook<\/a>, <a href=\"https:\/\/www.linkedin.com\/company\/momentum-quiropr%C3%A0ctic\/\" target=\"_blank\" rel=\"noopener\">LinkedIn<\/a>) perqu\u00e8 continu\u00efs aprenent m\u00e9s sobre la quiropr\u00e0ctica i sobre nosaltres.<\/div>\n<\/div>\n<\/div>\n","protected":false},"excerpt":{"rendered":"<p>Est\u00e0s pensant a comen\u00e7ar amb la quiropr\u00e0ctica? Et donem consells per a triar el millor centre de quiropr\u00e0ctica a prop teu.<\/p>\n","protected":false},"author":3,"featured_media":8072,"comment_status":"open","ping_status":"open","sticky":false,"template":"","format":"standard","meta":{"_seopress_robots_primary_cat":"","_seopress_titles_title":"&quot;Quan necessito anar a un quiropr\u00e0ctic?&quot; - 5 motius per a comen\u00e7ar","_seopress_titles_desc":"M\u00e9s enll\u00e0 d&#039;anar al quiropr\u00e0ctic quan tens dolor d&#039;esquena o lumbago, t&#039;expliquem perqu\u00e8 hauries de comen\u00e7ar amb la quiropr\u00e0ctica com m\u00e9s aviat millor.","_seopress_robots_index":"","om_disable_all_campaigns":false,"_monsterinsights_skip_tracking":false,"_monsterinsights_sitenote_active":false,"_monsterinsights_sitenote_note":"","_monsterinsights_sitenote_category":0,"_uf_show_specific_survey":0,"_uf_disable_surveys":false,"footnotes":""},"categories":[38,75,60],"tags":[79,64,78,44,39,76,77,43],"class_list":["post-8068","post","type-post","status-publish","format-standard","has-post-thumbnail","hentry","category-momentum-quiropractic-barcelona","category-momentum-quiropractic-barcelona-ca","category-sense-categoria","tag-centre-quiropractic","tag-centro-quiropractico","tag-momentum-quiropractic-ca","tag-momentum-quiropractic","tag-quiropractica","tag-quiropractica-ca","tag-quiropractica-barcelona-ca","tag-quiropractica-barcelona"],"_links":{"self":[{"href":"https:\/\/momentumquiro.com\/ca\/wp-json\/wp\/v2\/posts\/8068","targetHints":{"allow":["GET"]}}],"collection":[{"href":"https:\/\/momentumquiro.com\/ca\/wp-json\/wp\/v2\/posts"}],"about":[{"href":"https:\/\/momentumquiro.com\/ca\/wp-json\/wp\/v2\/types\/post"}],"author":[{"embeddable":true,"href":"https:\/\/momentumquiro.com\/ca\/wp-json\/wp\/v2\/users\/3"}],"replies":[{"embeddable":true,"href":"https:\/\/momentumquiro.com\/ca\/wp-json\/wp\/v2\/comments?post=8068"}],"version-history":[{"count":1,"href":"https:\/\/momentumquiro.com\/ca\/wp-json\/wp\/v2\/posts\/8068\/revisions"}],"predecessor-version":[{"id":15670,"href":"https:\/\/momentumquiro.com\/ca\/wp-json\/wp\/v2\/posts\/8068\/revisions\/15670"}],"wp:featuredmedia":[{"embeddable":true,"href":"https:\/\/momentumquiro.com\/ca\/wp-json\/wp\/v2\/media\/8072"}],"wp:attachment":[{"href":"https:\/\/momentumquiro.com\/ca\/wp-json\/wp\/v2\/media?parent=8068"}],"wp:term":[{"taxonomy":"category","embeddable":true,"href":"https:\/\/momentumquiro.com\/ca\/wp-json\/wp\/v2\/categories?post=8068"},{"taxonomy":"post_tag","embeddable":true,"href":"https:\/\/momentumquiro.com\/ca\/wp-json\/wp\/v2\/tags?post=8068"}],"curies":[{"name":"wp","href":"https:\/\/api.w.org\/{rel}","templated":true}]}}