{"id":8077,"date":"2022-08-23T14:53:00","date_gmt":"2022-08-23T14:53:00","guid":{"rendered":"https:\/\/momentumquiro.com\/per-que-la-quiropractica-es-clau-per-a-millorar-el-benestar-laboral-dels-teus-empleats\/"},"modified":"2024-11-21T18:03:16","modified_gmt":"2024-11-21T18:03:16","slug":"quiropractica-benestar-laboral","status":"publish","type":"post","link":"https:\/\/momentumquiro.com\/ca\/quiropractica-benestar-laboral\/","title":{"rendered":"Per qu\u00e8 la quiropr\u00e0ctica \u00e9s clau per a millorar el benestar laboral dels teus empleats"},"content":{"rendered":"<p><strong style=\"color: initial; font-family: -apple-system, BlinkMacSystemFont, 'Segoe UI', Roboto, Oxygen-Sans, Ubuntu, Cantarell, 'Helvetica Neue', sans-serif;\">No \u00e9s cap secret que la quiropr\u00e0ctica i la salut tenen una relaci\u00f3 (hol\u00edstica) molt estreta. Per\u00f2, sabies que la quiropr\u00e0ctica tamb\u00e9 \u00e9s clau per a la salut del teu negoci? Si vols saber com la quiropr\u00e0ctica contribueix al benestar laboral i tots els seus beneficis, l&#8217;equip de Momentum Quiropr\u00e0ctic te l&#8217;expliquem en aquest post.<\/strong><\/p>\n<div class=\"traductor-textarea form-group\">\n<div class=\"textarea-desti col-xs-12 col-sm-6\">\n<div><\/div>\n<div class=\"form-control second-textarea\">I s\u00ed, ho sabem. Durant els \u00faltims anys el benestar s&#8217;ha convertit en la nova cerca del tresor i tots parlem d&#8217;aix\u00f2. Que si el benestar f\u00edsic, la import\u00e0ncia del benestar emocional&#8230; I ara venim nosaltres i et parlem del benestar laboral,\u00a0ja!<\/div>\n<\/div>\n<\/div>\n<div class=\"traductor-checkbox form-group\">\n<div class=\"row\">\n<div class=\"col-sm-offset-2 col-sm-5\"><\/div>\n<\/div>\n<\/div>\n<div class=\"traductor-textarea form-group\">\n<div class=\"textarea-desti col-xs-12 col-sm-6\">\n<div class=\"form-control second-textarea\">Per\u00f2 t&#8217;assegurem que, tant si tens un negoci amb personal contractat, com si ets responsable del departament de recursos humans d&#8217;alguna empresa o, simplement, vols contribuir a millorar el benestar en el lloc on treballes, aquest post va ser la teva panacea. Continua llegint i sabr\u00e0s per qu\u00e8!<\/div>\n<\/div>\n<\/div>\n<div class=\"traductor-checkbox form-group\">\n<div class=\"row\">\n<div class=\"col-sm-offset-2 col-sm-5\"><\/div>\n<\/div>\n<\/div>\n<h2><strong>Qu\u00e8 \u00e9s el benestar laboral<\/strong><\/h2>\n<div class=\"traductor-textarea form-group\">\n<div class=\"textarea-desti col-xs-12 col-sm-6\">\n<div class=\"form-control second-textarea\">Segons l&#8217;<strong><a href=\"https:\/\/apps.who.int\/iris\/bitstream\/handle\/10665\/44466\/9789243500249_spa.pdf?sequence=1&amp;isAllowed=y\" target=\"_blank\" rel=\"noopener\">OMS (2010)<\/a><\/strong> en el seu model per a la implementaci\u00f3 de benestar laboral, <em>&#8220;un entorn de treball saludable \u00e9s aquell en el qual els treballadors i caps col\u00b7laboren en un proc\u00e9s de millora cont\u00ednua per a promoure i protegir la salut, seguretat i benestar dels treballadors i la sustentabilitat de l&#8217;ambient de treball&#8221;.<\/em><\/div>\n<\/div>\n<\/div>\n<p>Per tant, podem entendre el benestar laboral com la relaci\u00f3 proactiva que es mant\u00e9 en un equip corporatiu per a aconseguir optimitzar tant el funcionament f\u00edsic i cognitiu de les persones, per a aix\u00ed poder gaudir d&#8217;un estat som\u00e0tic i ps\u00edquic positiu en referent al laboral.<\/p>\n<p>Vaja, en definitiva, intentar que totes les activitats i sensacions en relaci\u00f3 amb el treball (tant durant la jornada laboral, com fora del lloc de treball) interfereixi de manera positiva en el benestar dels treballadors.<\/p>\n<h3>Benestar laboral i el clima de la teva empresa<\/h3>\n<div class=\"traductor-textarea form-group\">\n<div class=\"textarea-desti col-xs-12 col-sm-6\">\n<div class=\"form-control second-textarea\">Per a aix\u00f2, el clima de la teva empresa juga un paper fonamental en el benestar i salut dels teus empleats, tal com recullen Casta\u00f1eda et al. (2017) en el seu <a href=\"https:\/\/revistas.udea.edu.co\/index.php\/Psyconex\/article\/view\/328547\/20785360\" target=\"_blank\" rel=\"noopener\">estudi sobre el benestar laboral en empreses.<\/a><\/div>\n<\/div>\n<\/div>\n<div class=\"traductor-textarea form-group\">\n<div class=\"textarea-desti col-xs-12 col-sm-6\">\n<div><\/div>\n<div class=\"form-control second-textarea\">Quan parlem del clima laboral, ens referim a:<\/div>\n<\/div>\n<\/div>\n<ul>\n<li><strong>Les infraestructures i l&#8217;ambient f\u00edsic:<\/strong> les instal\u00b7lacions de l&#8217;oficina o espai de treball (llum natural, aclimatizaci\u00f3 i ventilaci\u00f3 adequada), l&#8217;equip de treball (dispositius i eines de treball renovats, cadires ergon\u00f2miques).<\/li>\n<li><strong>Caracter\u00edstiques de l&#8217;organitzaci\u00f3<\/strong>: l&#8217;estructura organitzativa de l&#8217;empresa (nombre d&#8217;empleats,\u00a0 din\u00e0mica de comunicaci\u00f3 en la direcci\u00f3, ja sigui vertical o horitzontal), els codis \u00e8tics i valors de l&#8217;empresa, transpar\u00e8ncia en presa de decisions<\/li>\n<li><strong>Ambient social: <\/strong>els companys, la bona relaci\u00f3 entre els empleats i amb els caps de feina, la correcta resoluci\u00f3 de conflictes laborals, cooperaci\u00f3 entre departament<\/li>\n<li><strong>Caracter\u00edstiques individuals de l&#8217;empleat: <\/strong>les\u00a0actituds, la manera de ser, aptituds en el treball, les motivacions i expectatives, tant laborals com personals<\/li>\n<li>\n<div class=\"traductor-textarea form-group\">\n<div class=\"textarea-desti col-xs-12 col-sm-6\">\n<div class=\"form-control second-textarea\"><strong>Comportaments en relaci\u00f3 al treball<\/strong>:\u00a0s\u00e8rie d&#8217;actituds en relaci\u00f3 al treball com poden ser: la pressi\u00f3, la productivitat, l&#8217;absentisme, la rotaci\u00f3 del personal, la satisfacci\u00f3 laboral, el nivell de tensi\u00f3 en l&#8217;ambient de treball.<\/div>\n<\/div>\n<\/div>\n<div class=\"traductor-checkbox form-group\"><\/div>\n<\/li>\n<\/ul>\n<h3><strong>Per qu\u00e8 \u00e9s important el benestar laboral\u00a0<\/strong><\/h3>\n<div class=\"traductor-textarea form-group\">\n<div class=\"textarea-desti col-xs-12 col-sm-6\">\n<div class=\"form-control second-textarea\">A la pregunta &#8220;Per qu\u00e8 \u00e9s important el benestar laboral?&#8221;, podem respondre-la des de diferents punts de vista i perspectives: l&#8217;\u00e8tica empresarial i moral personal, l&#8217;inter\u00e8s econ\u00f2mic, el legal&#8230;<\/div>\n<\/div>\n<\/div>\n<div class=\"traductor-textarea form-group\">\n<div class=\"textarea-desti col-xs-12 col-sm-6\">\n<div><\/div>\n<div class=\"form-control second-textarea\">Per\u00f2 en aquest post el farem des de l&#8217;enfocament <strong>Smart Empowerment<\/strong> que caracteritza la filosofia de Momentum Quiropr\u00e0ctic. \u00c9s a dir, des de la perspectiva de salut i benestar hol\u00edstic de les persones a trav\u00e9s del seu apoderament en el personal i laboral.<\/div>\n<\/div>\n<\/div>\n<h3>Benestar laboral i Smart Empowerment<\/h3>\n<div class=\"traductor-textarea form-group\">\n<div class=\"textarea-desti col-xs-12 col-sm-6\">\n<div class=\"form-control second-textarea\">El nostre enfocament Smart Empowerment s&#8217;aplica als diferents factors que acabem d&#8217;esmentar en relaci\u00f3 al clima laboral, ja que s\u00f3n determinants per a la correcta funcionalitat, efici\u00e8ncia, impacte social i activitat de l&#8217;empresa i dels treballadors. Sobretot, en relaci\u00f3 a les actituds i comportaments en relaci\u00f3 al treball, ja que s\u00f3n els que m\u00e9s impacte tenen sobre el benestar emocional i f\u00edsic dels equips corporatius, i a la llarga, del negoci.<\/div>\n<\/div>\n<\/div>\n<p>\u00c9s per aix\u00f2, que en empreses o equips que no es preocupen pel benestar laboral, l&#8217;estr\u00e8s associat al treball sol estar a l&#8217;ordre del dia i \u00e9sser el desencadenant de problemes de salut f\u00edsics (a m\u00e9s de potenciar h\u00e0bits com fumar, alimentaci\u00f3 no saludable per falta de temps o motivaci\u00f3)\u00a0 i mentals que poden resultar en:<\/p>\n<ul>\n<li>Absentisme i falta de motivaci\u00f3 en relaci\u00f3 als objectius laborals<\/li>\n<li>Insatisfacci\u00f3 laboral, alta rotaci\u00f3 de personal, fuita de talent amb el know-how de l&#8217;empresa<\/li>\n<li>Problemes de salut (ansietat, hipertensi\u00f3, contractures) i com a conseq\u00fc\u00e8ncia, baixes laborals<\/li>\n<\/ul>\n<div class=\"traductor-textarea form-group\">\n<div class=\"textarea-desti col-xs-12 col-sm-6\">\n<div class=\"form-control second-textarea\">I s\u00ed, no podem obviar l&#8217;inter\u00e8s econ\u00f2mic i la import\u00e0ncia del capital hum\u00e0 en el model de negoci de qualsevol empresa per a l&#8217;efici\u00e8ncia i productivitat. Per\u00f2 \u00e9s encara m\u00e9s important tenir en compte el benestar laboral per a cuidar de les persones que formen part de l&#8217;equip corporatiu. D&#8217;aquesta manera, els empleats poden gaudir d&#8217;una vida laboral plena i aconseguint aix\u00f2, es genera un impacte positiu en el seu benestar general, del qual dep\u00e8n en gran part el clima social laboral i els comportaments en relaci\u00f3 al treball.<\/div>\n<div><\/div>\n<\/div>\n<\/div>\n<div class=\"traductor-textarea form-group\">\n<div class=\"textarea-desti col-xs-12 col-sm-6\">\n<div class=\"form-control second-textarea\">A m\u00e9s,\u00a0 les empreses que impulsen el benestar laboral tamb\u00e9 es posicionen com a candidates preferides per a contractaci\u00f3 i retenci\u00f3 de personal.<\/div>\n<\/div>\n<\/div>\n<h2><strong>La quiropr\u00e0ctica, clau per millorar el benestar laboral<\/strong><\/h2>\n<p>I a la gran pregunta, com s&#8217;aconsegueix millorar el benestar laboral en les empreses?&#8230; Dins d&#8217;un parell de l\u00ednies, et donem la resposta.<\/p>\n<p>Perqu\u00e8 encara que en els \u00faltims anys han sorgit programes de benestar laboral, aquests solen estar enfocats al\u00a0coaching\u00a0o a millorar les relacions laborals entre emprats-cap i solen oblidar-se de la salut f\u00edsica o mental.<\/p>\n<p>El cuidat quiropr\u00e0ctic \u00e9s clau per a millorar el benestar laboral de manera hol\u00edstica, ja que t\u00e9 un impacte en el benestar f\u00edsic i mental gr\u00e0cies a ser una pr\u00e0ctica de salut natural que optimitza l&#8217;estat de la columna vertebral i el funcionament del sistema nervi\u00f3s, eliminant possibles interfer\u00e8ncies del cos i connectant-lo de nou al seu incre\u00efble potencial de rendiment f\u00edsic, mental i emocional.<\/p>\n<p>Per aix\u00f2,\u00a0empreses com Apple, Microsoft o Google, proporcionen cuidat quiropr\u00e0ctic als seus empleats, amb la finalitat que tinguin un \u00f2ptim est\u00edmul cerebral i\u00a0 millorin la seva condici\u00f3 f\u00edsica amb la finalitat de guanyar benestar i treure el seu m\u00e0xim potencial.<\/p>\n<p>A m\u00e9s, si s&#8217;usa el cuidat quiropr\u00e0ctic de manera preventiva i proactiva, t\u00e9 grans beneficis per al benestar dels empleats i el benestar laboral. Vols con\u00e8ixer alguns d&#8217;aquests beneficis?<\/p>\n<h3><strong>Beneficis de la quiropr\u00e0ctica pel benestar laboral<\/strong><\/h3>\n<div class=\"traductor-textarea form-group\">\n<div class=\"textarea-desti col-xs-12 col-sm-6\">\n<ul>\n<li class=\"form-control second-textarea\">Es potencien habilitats cognitives que ajuden al rendiment dels equips laborals; millorant la claredat mental per a preses de decisions, el temps de reacci\u00f3, l&#8217;efici\u00e8ncia, la creativitat.<\/li>\n<li class=\"form-control second-textarea\">Es redueixen les <a href=\"https:\/\/www.palmer.edu\/wp-content\/uploads\/2021\/12\/infographic-corporate-chiropractic.pdf\" target=\"_blank\" rel=\"noopener\">baixes laboral<\/a>s gr\u00e0cies a la sanaci\u00f3 i prevenci\u00f3 de <a href=\"https:\/\/quiropractica-aeq.com\/la-quiropractica-efectiva-contra-el-absentismo-laboral\/\" target=\"_blank\" rel=\"noopener\">problemes de salut com: problemes d&#8217;esquena o cervicals, dolor l\u00fambar, migranyes..<\/a><\/li>\n<\/ul>\n<\/div>\n<\/div>\n<ul>\n<li>\n<div class=\"traductor-textarea form-group\">\n<div class=\"textarea-desti col-xs-12 col-sm-6\">\n<div class=\"form-control second-textarea\">Major retenci\u00f3 del talent i empleats del teu negoci gr\u00e0cies a la prevenci\u00f3 del\u00a0burnout<\/div>\n<\/div>\n<\/div>\n<\/li>\n<li>\n<div class=\"traductor-textarea form-group\">\n<div class=\"textarea-desti col-xs-12 col-sm-6\">\n<div class=\"form-control second-textarea\">Menor rotaci\u00f3 d&#8217;empleats gr\u00e0cies a una bona gesti\u00f3 de l&#8217;estr\u00e8s amb els ajustaments quiropr\u00e0ctics<\/div>\n<\/div>\n<\/div>\n<div class=\"traductor-checkbox form-group\"><\/div>\n<\/li>\n<\/ul>\n<p>Com a conclusi\u00f3, si decideixes promoure el benestar laboral dels teus empleats, estar\u00e0s invertint a millorar l&#8217;efici\u00e8ncia i salut de negoci.<\/p>\n<p>Com t&#8217;hem comentat en aquest post, l&#8217;enfocament Smart Empowerment de Momentum Quiropr\u00e0ctic i la nostra filosofia, ent\u00e9n la quiropr\u00e0ctica com una cura preventiva, hol\u00edstic i d&#8217;apoderament personal que t\u00e9 un impacte positiu en l&#8217;entorn laboral.<\/p>\n<p>Per aix\u00f2, a Momentum Quiropr\u00e0ctic treballem a empoderar equips corporatius a aconseguir un estat de funcionament \u00f2ptim a trav\u00e9s del cuidat quiropr\u00e0ctic, aix\u00ed com a trav\u00e9s de xerrades i tallers enfocats a promoure el benestar i un estil de vida saludable.<\/p>\n<p>Si vols saber m\u00e9s de nosaltres, et convidem que visitis la nostra web, on coneixer\u00e0s l&#8217;equip de\u00a0Momentum, els nostres valors i podr\u00e0s contactar amb nosaltres per a veure com et podem ajudar a implementar el benestar laboral amb la quiropr\u00e0ctica en la teva empresa.<\/p>\n<p>Tamb\u00e9 pots seguir-nos en les nostres xarxes socials (<a href=\"https:\/\/www.instagram.com\/momentum.quiro\/\" target=\"_blank\" rel=\"noopener\">Instagram<\/a>,\u00a0<a href=\"https:\/\/www.facebook.com\/momentum.quiro\" target=\"_blank\" rel=\"noopener\">Facebook<\/a>,\u00a0<a href=\"https:\/\/www.linkedin.com\/company\/momentum-quiropr%C3%A0ctic\/\" target=\"_blank\" rel=\"noopener\">LinkedIn<\/a>) perqu\u00e8 continu\u00efs aprenent m\u00e9s sobre la quiropr\u00e0ctica i nosaltres.<\/p>\n","protected":false},"excerpt":{"rendered":"<p>Descobreix per qu\u00e8 la quiropr\u00e0ctica \u00e9s clau per al benestar laboral i com els empleats i el negoci poden beneficiar-se.<\/p>\n","protected":false},"author":3,"featured_media":6207,"comment_status":"open","ping_status":"open","sticky":false,"template":"","format":"standard","meta":{"_seopress_robots_primary_cat":"","_seopress_titles_title":"La quiropr\u00e0ctica, clau per a millorar el benestar laboral dels teus empleats","_seopress_titles_desc":"Descobreix per qu\u00e8 la quiropr\u00e0ctica \u00e9s clau per al benestar laboral i com els empleats i el negoci poden beneficiar-se.","_seopress_robots_index":"","om_disable_all_campaigns":false,"_monsterinsights_skip_tracking":false,"_monsterinsights_sitenote_active":false,"_monsterinsights_sitenote_note":"","_monsterinsights_sitenote_category":0,"_uf_show_specific_survey":0,"_uf_disable_surveys":false,"footnotes":""},"categories":[60,31,80],"tags":[84,59,78,44,39,76,77,43],"class_list":["post-8077","post","type-post","status-publish","format-standard","has-post-thumbnail","hentry","category-sense-categoria","category-smart-empowerment","category-smart-empowerment-ca","tag-benestar-laboral","tag-bienestar-laboral","tag-momentum-quiropractic-ca","tag-momentum-quiropractic","tag-quiropractica","tag-quiropractica-ca","tag-quiropractica-barcelona-ca","tag-quiropractica-barcelona"],"_links":{"self":[{"href":"https:\/\/momentumquiro.com\/ca\/wp-json\/wp\/v2\/posts\/8077","targetHints":{"allow":["GET"]}}],"collection":[{"href":"https:\/\/momentumquiro.com\/ca\/wp-json\/wp\/v2\/posts"}],"about":[{"href":"https:\/\/momentumquiro.com\/ca\/wp-json\/wp\/v2\/types\/post"}],"author":[{"embeddable":true,"href":"https:\/\/momentumquiro.com\/ca\/wp-json\/wp\/v2\/users\/3"}],"replies":[{"embeddable":true,"href":"https:\/\/momentumquiro.com\/ca\/wp-json\/wp\/v2\/comments?post=8077"}],"version-history":[{"count":1,"href":"https:\/\/momentumquiro.com\/ca\/wp-json\/wp\/v2\/posts\/8077\/revisions"}],"predecessor-version":[{"id":15674,"href":"https:\/\/momentumquiro.com\/ca\/wp-json\/wp\/v2\/posts\/8077\/revisions\/15674"}],"wp:featuredmedia":[{"embeddable":true,"href":"https:\/\/momentumquiro.com\/ca\/wp-json\/wp\/v2\/media\/6207"}],"wp:attachment":[{"href":"https:\/\/momentumquiro.com\/ca\/wp-json\/wp\/v2\/media?parent=8077"}],"wp:term":[{"taxonomy":"category","embeddable":true,"href":"https:\/\/momentumquiro.com\/ca\/wp-json\/wp\/v2\/categories?post=8077"},{"taxonomy":"post_tag","embeddable":true,"href":"https:\/\/momentumquiro.com\/ca\/wp-json\/wp\/v2\/tags?post=8077"}],"curies":[{"name":"wp","href":"https:\/\/api.w.org\/{rel}","templated":true}]}}