{"id":8132,"date":"2021-08-24T11:27:39","date_gmt":"2021-08-24T11:27:39","guid":{"rendered":"https:\/\/momentumquiro.com\/momentum-quiropractic-inspirant-en-la-tv\/"},"modified":"2024-11-21T18:08:46","modified_gmt":"2024-11-21T18:08:46","slug":"quiropractica-tv-radio","status":"publish","type":"post","link":"https:\/\/momentumquiro.com\/ca\/quiropractica-tv-radio\/","title":{"rendered":"Momentum Quiropr\u00e0ctic: Inspirant en la TV"},"content":{"rendered":"<p><strong><a href=\"https:\/\/momentumquiro.com\/ca\/equip\/\">L&#8217;Equip de Momentum Quiropr\u00e1ctic<\/a><\/strong><a href=\"https:\/\/momentumquiro.com\/ca\/equip\/\">\u00a0<\/a><b> hem tingut l&#8217;oportunitat de poder transmetre la nostra filosofia i coneixement sobre la Quiropr\u00e0ctica en algunes de les nostres aparicions en mitjans de comunicaci\u00f3 i entrevistes que ens han fet en TV i r\u00e0dio<\/b><\/p>\n<h3>1. Cam\u00ed a l&#8217;\u00c8xit amb l&#8217;Imma Arias &#8211; TEVECAT<\/h3>\n<div class=\"traductor-textarea form-group\">\n<div class=\"textarea-desti col-xs-12 col-sm-6\">\n<div class=\"form-control second-textarea\">Gaudeix de la primera entrevista en el programa de Cam\u00ed a l&#8217;\u00c8xit amb Imma Arias a <a href=\"https:\/\/www.teve.cat\/\">TEVECAT,<\/a><\/div>\n<\/div>\n<\/div>\n<blockquote><p><span style=\"font-size: 1.235em;\">Parlem del model de salut actual i de l&#8217;impacte que t\u00e9 una columna vertebral sana per a la nostra qualitat de vida<\/span><\/p><\/blockquote>\n<p><iframe title=\"YouTube video player\" src=\"https:\/\/www.youtube.com\/embed\/fd_4D4HwjDk\" width=\"800\" height=\"500\" frameborder=\"0\" allowfullscreen=\"allowfullscreen\"><\/iframe><\/p>\n<h3>2. Cam\u00ed a l&#8217;\u00c8xit amb l&#8217;Imma Arias &#8211; TEVECAT<\/h3>\n<p>En nuestro segundo programa como invitados en Cam\u00ed a l&#8217;\u00c8xit, fuimos el equipo completo de Momentum Quiropr\u00e0ctic a seguir inspirando sobre la quiropr\u00e1ctica.<\/p>\n<blockquote><p><span style=\"font-size: 1.235em;\">En el nostre segon programa com a convidats a Cam\u00ed a l&#8217;\u00c8xit, vam ser l&#8217;equip complet de Momentum Quiropr\u00e0ctic a continuar inspirant sobre la quiropr\u00e0ctica.<\/span><\/p><\/blockquote>\n<p><iframe title=\"YouTube video player\" src=\"https:\/\/www.youtube.com\/embed\/5oo1LFWMHkQ\" width=\"800\" height=\"500\" frameborder=\"0\" allowfullscreen=\"allowfullscreen\"><\/iframe><\/p>\n<h3>3. SENSE CONTROL &#8211; TEVECAT<\/h3>\n<div class=\"traductor-textarea form-group\">\n<div class=\"textarea-desti col-xs-12 col-sm-6\">\n<div class=\"form-control second-textarea\">No us perdeu la nostra entrevista amb Nacho Encinas i Elena Batista en el magazine televisiu Sense Control a <a href=\"https:\/\/www.teve.cat\/\">TEVECAT<\/a><\/div>\n<\/div>\n<\/div>\n<blockquote><p><span class=\"style-scope yt-formatted-string\" dir=\"auto\">Parlem de qu\u00e8 \u00e9s i per a qu\u00e8 serveix la Quiropr\u00e0ctica<\/span><\/p><\/blockquote>\n<p><iframe title=\"YouTube video player\" src=\"https:\/\/www.youtube.com\/embed\/QWLQ0rQMYvg\" width=\"800\" height=\"500\" frameborder=\"0\" allowfullscreen=\"allowfullscreen\"><\/iframe><\/p>\n","protected":false},"excerpt":{"rendered":"<p>L&#8217;Equip de Momentum Quiropr\u00e1ctic hem tingut l&#8217;oportunitat de poder transmetre la nostra filosofia i coneixement sobre la Quiropr\u00e0ctica en algunes de les nostres aparicions en mitjans de comunicaci\u00f3 i entrevistes que ens han fet en TV i r\u00e0dio.<\/p>\n","protected":false},"author":3,"featured_media":8133,"comment_status":"open","ping_status":"open","sticky":false,"template":"","format":"standard","meta":{"_seopress_robots_primary_cat":"","_seopress_titles_title":"Entrevistas en TV sobre la quiropr\u00e1ctica","_seopress_titles_desc":"L&#039;Equip de Momentum Quiropr\u00e0ctic hem transm\u00e8s la filosofia i coneixement sobre la Quiropr\u00e0ctica en les nostres entrevistes en TV.","_seopress_robots_index":"","om_disable_all_campaigns":false,"_monsterinsights_skip_tracking":false,"_monsterinsights_sitenote_active":false,"_monsterinsights_sitenote_note":"","_monsterinsights_sitenote_category":0,"_uf_show_specific_survey":0,"_uf_disable_surveys":false,"footnotes":""},"categories":[75,33,89],"tags":[],"class_list":["post-8132","post","type-post","status-publish","format-standard","has-post-thumbnail","hentry","category-momentum-quiropractic-barcelona-ca","category-quiropractica-para-tods","category-quiropractica-para-tods-ca"],"_links":{"self":[{"href":"https:\/\/momentumquiro.com\/ca\/wp-json\/wp\/v2\/posts\/8132","targetHints":{"allow":["GET"]}}],"collection":[{"href":"https:\/\/momentumquiro.com\/ca\/wp-json\/wp\/v2\/posts"}],"about":[{"href":"https:\/\/momentumquiro.com\/ca\/wp-json\/wp\/v2\/types\/post"}],"author":[{"embeddable":true,"href":"https:\/\/momentumquiro.com\/ca\/wp-json\/wp\/v2\/users\/3"}],"replies":[{"embeddable":true,"href":"https:\/\/momentumquiro.com\/ca\/wp-json\/wp\/v2\/comments?post=8132"}],"version-history":[{"count":1,"href":"https:\/\/momentumquiro.com\/ca\/wp-json\/wp\/v2\/posts\/8132\/revisions"}],"predecessor-version":[{"id":15681,"href":"https:\/\/momentumquiro.com\/ca\/wp-json\/wp\/v2\/posts\/8132\/revisions\/15681"}],"wp:featuredmedia":[{"embeddable":true,"href":"https:\/\/momentumquiro.com\/ca\/wp-json\/wp\/v2\/media\/8133"}],"wp:attachment":[{"href":"https:\/\/momentumquiro.com\/ca\/wp-json\/wp\/v2\/media?parent=8132"}],"wp:term":[{"taxonomy":"category","embeddable":true,"href":"https:\/\/momentumquiro.com\/ca\/wp-json\/wp\/v2\/categories?post=8132"},{"taxonomy":"post_tag","embeddable":true,"href":"https:\/\/momentumquiro.com\/ca\/wp-json\/wp\/v2\/tags?post=8132"}],"curies":[{"name":"wp","href":"https:\/\/api.w.org\/{rel}","templated":true}]}}