{"id":19036,"date":"2025-02-03T10:29:28","date_gmt":"2025-02-03T10:29:28","guid":{"rendered":"https:\/\/momentumquiro.com\/la-colonne-vertebrale-et-la-chiropraxie-ce-quelle-est-sa-fonction-ses-parties-et-la-zone-cervicale\/"},"modified":"2025-02-03T10:29:28","modified_gmt":"2025-02-03T10:29:28","slug":"la-colonne-vertebrale-et-la-chiropraxie-ce-quelle-est-sa-fonction-ses-parties-et-la-zone-cervicale","status":"publish","type":"post","link":"https:\/\/momentumquiro.com\/fr\/la-colonne-vertebrale-et-la-chiropraxie-ce-quelle-est-sa-fonction-ses-parties-et-la-zone-cervicale\/","title":{"rendered":"La colonne vert\u00e9brale et la chiropraxie : ce qu&rsquo;elle est, sa fonction, ses parties et la zone cervicale."},"content":{"rendered":"","protected":false},"excerpt":{"rendered":"<p>Savez-vous \u00e0 quel point la colonne vert\u00e9brale est importante pour notre sant\u00e9 ? D\u00e9couvrez avec Momentum Quiropr\u00e0ctic ce qu&rsquo;est la colonne vert\u00e9brale et ses fonctions pour comprendre pourquoi il est si important de prendre soin de notre arbre de vie. <\/p>\n","protected":false},"author":3,"featured_media":19042,"comment_status":"open","ping_status":"open","sticky":false,"template":"","format":"standard","meta":{"_seopress_robots_primary_cat":"32","_seopress_titles_title":"La colonne vert\u00e9brale et la chiropraxie : ce qu'elle est, sa fonction, ses parties et ses cervicales","_seopress_titles_desc":"D\u00e9couvrez l'importance de la colonne vert\u00e9brale pour votre sant\u00e9 et comment la chiropraxie peut vous aider \u00e0 prendre soin d'elle et de votre sant\u00e9.","_seopress_robots_index":"","om_disable_all_campaigns":false,"_monsterinsights_skip_tracking":false,"_monsterinsights_sitenote_active":false,"_monsterinsights_sitenote_note":"","_monsterinsights_sitenote_category":0,"_uf_show_specific_survey":0,"_uf_disable_surveys":false,"footnotes":""},"categories":[213],"tags":[214,229,206,215],"class_list":["post-19036","post","type-post","status-publish","format-standard","has-post-thumbnail","hentry","category-lame-interieure","tag-bien-etre","tag-cervicales-fr","tag-chiropratique","tag-colonne-vertebrale"],"_links":{"self":[{"href":"https:\/\/momentumquiro.com\/fr\/wp-json\/wp\/v2\/posts\/19036","targetHints":{"allow":["GET"]}}],"collection":[{"href":"https:\/\/momentumquiro.com\/fr\/wp-json\/wp\/v2\/posts"}],"about":[{"href":"https:\/\/momentumquiro.com\/fr\/wp-json\/wp\/v2\/types\/post"}],"author":[{"embeddable":true,"href":"https:\/\/momentumquiro.com\/fr\/wp-json\/wp\/v2\/users\/3"}],"replies":[{"embeddable":true,"href":"https:\/\/momentumquiro.com\/fr\/wp-json\/wp\/v2\/comments?post=19036"}],"version-history":[{"count":1,"href":"https:\/\/momentumquiro.com\/fr\/wp-json\/wp\/v2\/posts\/19036\/revisions"}],"predecessor-version":[{"id":19049,"href":"https:\/\/momentumquiro.com\/fr\/wp-json\/wp\/v2\/posts\/19036\/revisions\/19049"}],"wp:featuredmedia":[{"embeddable":true,"href":"https:\/\/momentumquiro.com\/fr\/wp-json\/wp\/v2\/media\/19042"}],"wp:attachment":[{"href":"https:\/\/momentumquiro.com\/fr\/wp-json\/wp\/v2\/media?parent=19036"}],"wp:term":[{"taxonomy":"category","embeddable":true,"href":"https:\/\/momentumquiro.com\/fr\/wp-json\/wp\/v2\/categories?post=19036"},{"taxonomy":"post_tag","embeddable":true,"href":"https:\/\/momentumquiro.com\/fr\/wp-json\/wp\/v2\/tags?post=19036"}],"curies":[{"name":"wp","href":"https:\/\/api.w.org\/{rel}","templated":true}]}}